{"id":460,"date":"2014-01-07T11:33:36","date_gmt":"2014-01-07T11:33:36","guid":{"rendered":"http:\/\/sauriertech.de\/?p=460"},"modified":"2014-01-07T13:31:46","modified_gmt":"2014-01-07T13:31:46","slug":"in-der-paediatrie","status":"publish","type":"post","link":"http:\/\/sauriertech.de\/?p=460","title":{"rendered":"In der P\u00e4diatrie"},"content":{"rendered":"<style type=\"text\/css\"><!--\nP { margin-bottom: 0.21cm; }\n--><\/style>\n<p>Kinder werden von ihren M\u00fcttern gebracht, wenn es ihnen schon sehr schlecht geht. So sieht man hier viele F\u00e4lle von schwerer Malaria. \u00dcberhaupt geh\u00f6rt das zum t\u00e4glichen Gesch\u00e4ft: Malaria, Sichelzellan\u00e4mie, Gastrointestinale Infektionen oder (schwere) Pneumonien. F\u00fcr jede Erkrankung gibt es gl\u00fccklicherweise feste Leitlinien zur Therapie vom Gesundheitsministerium. Wie bei den Erwachsenen erhalten die Kinder zun\u00e4chst eine intraven\u00f6se Quinintherapie gegen die Malaria. EMLA-Pflaster gibt es hier nicht und es ist super super schwer, bei dunkler Haut eine Vene zu finden. Unser kenianischer Kollege orientiert sich dann immer grob nach der Anatomie (\u201eI know there has to be a vein!\u201c) und so kommt es, da\u00df die Kinder 6-10 Mal gepikt werden, wenn ihnen eine Viggo gelegt werden soll. Bisher habe ich mich zugangstechnisch auch nur an die Neugeborenen getraut, die noch nicht ganz so dunkel sind! Manchmal geht eine Malaria mit einer schweren An\u00e4mie einher. Letztens hatten wir keine Blutkonserven mehr und mussten daraufhin ein ein-j\u00e4hriges Kind mit einem Hb von 2,7 g\/dl in ein Krankenhaus mit Blutkonserven verlegen.<\/p>\n<p>&nbsp;<\/p>\n<div id=\"attachment_383\" style=\"width: 310px\" class=\"wp-caption alignleft\"><a href=\"http:\/\/sauriertech.de\/wp-content\/uploads\/2013\/12\/20131216_091832.jpg\"><img decoding=\"async\" aria-describedby=\"caption-attachment-383\" class=\"size-medium wp-image-383 \" alt=\"Die kleine Ada bei Aufnahme, dick eingepackt\" src=\"http:\/\/sauriertech.de\/wp-content\/uploads\/2013\/12\/20131216_091832-300x225.jpg\" width=\"300\" height=\"225\" srcset=\"http:\/\/sauriertech.de\/wp-content\/uploads\/2013\/12\/20131216_091832-300x225.jpg 300w, http:\/\/sauriertech.de\/wp-content\/uploads\/2013\/12\/20131216_091832.jpg 800w\" sizes=\"(max-width: 300px) 100vw, 300px\" \/><\/a><p id=\"caption-attachment-383\" class=\"wp-caption-text\">Die kleine Ada, dick eingepackt<\/p><\/div>\n<p>&nbsp;<\/p>\n<p>Als der Streik der \u00f6ffentlichen Krankenh\u00e4user und Gesundheitseinrichtungen Mitte Dezember los ging und, wie erw\u00e4hnt, alle staatlichen Krankenh\u00e4user ihre PatientInnen daf\u00fcr entlassen haben, kam auch ein Fr\u00fchgeborenes (in der 28.SSW!) zu uns ins Holy Family Hospital. So ohne Inkubator wurde es dick in Decken, Schichten mit Watte und wieder Decken gelegt. Da steht man dann da, als Assistenz\u00e4rztin f\u00fcr Geburtshilfe und hat eine Patientin, die eine Woche alt ist, knapp 1200g wiegt und zu fr\u00fch woanders geboren wurde!<\/p>\n<div id=\"attachment_384\" style=\"width: 235px\" class=\"wp-caption alignright\"><a href=\"http:\/\/sauriertech.de\/wp-content\/uploads\/2013\/12\/20131216_092157.jpg\"><img decoding=\"async\" aria-describedby=\"caption-attachment-384\" class=\"size-medium wp-image-384\" alt=\"Die Kollegin legt einen Zugang beim Minibaby\" src=\"http:\/\/sauriertech.de\/wp-content\/uploads\/2013\/12\/20131216_092157-225x300.jpg\" width=\"225\" height=\"300\" srcset=\"http:\/\/sauriertech.de\/wp-content\/uploads\/2013\/12\/20131216_092157-225x300.jpg 225w, http:\/\/sauriertech.de\/wp-content\/uploads\/2013\/12\/20131216_092157.jpg 576w\" sizes=\"(max-width: 225px) 100vw, 225px\" \/><\/a><p id=\"caption-attachment-384\" class=\"wp-caption-text\">Die Kollegin legt einen Zugang beim Minibaby<\/p><\/div>\n<p>Zusammen mit der kenianischen Kollegin wurde das Kind t\u00e4glich neu evaluiert, versucht Zug\u00e4nge zu legen und ab und zu wurde zum Ambubeutel gegriffen. Die Mutter war so engagiert und hat jede Ver\u00e4nderung bei ihrem Kind bemerkt! Nachdem nach zwei Wochen der Streik vorbei war, konnte die kleine, starke Ada wieder zur\u00fcck in ein staatliches Krankenhaus verlegt werden.<\/p>\n","protected":false},"excerpt":{"rendered":"<p>Kinder werden von ihren M\u00fcttern gebracht, wenn es ihnen schon sehr schlecht geht. So sieht man hier viele F\u00e4lle von schwerer Malaria. \u00dcberhaupt geh\u00f6rt das zum t\u00e4glichen Gesch\u00e4ft: Malaria, Sichelzellan\u00e4mie, Gastrointestinale Infektionen oder (schwere) Pneumonien. F\u00fcr jede Erkrankung gibt es &hellip; <a href=\"http:\/\/sauriertech.de\/?p=460\">Weiterlesen <span class=\"meta-nav\">&rarr;<\/span><\/a><\/p>\n","protected":false},"author":3,"featured_media":0,"comment_status":"open","ping_status":"open","sticky":false,"template":"","format":"standard","meta":{"footnotes":""},"categories":[15],"tags":[],"class_list":["post-460","post","type-post","status-publish","format-standard","hentry","category-paediatrie"],"_links":{"self":[{"href":"http:\/\/sauriertech.de\/index.php?rest_route=\/wp\/v2\/posts\/460","targetHints":{"allow":["GET"]}}],"collection":[{"href":"http:\/\/sauriertech.de\/index.php?rest_route=\/wp\/v2\/posts"}],"about":[{"href":"http:\/\/sauriertech.de\/index.php?rest_route=\/wp\/v2\/types\/post"}],"author":[{"embeddable":true,"href":"http:\/\/sauriertech.de\/index.php?rest_route=\/wp\/v2\/users\/3"}],"replies":[{"embeddable":true,"href":"http:\/\/sauriertech.de\/index.php?rest_route=%2Fwp%2Fv2%2Fcomments&post=460"}],"version-history":[{"count":4,"href":"http:\/\/sauriertech.de\/index.php?rest_route=\/wp\/v2\/posts\/460\/revisions"}],"predecessor-version":[{"id":464,"href":"http:\/\/sauriertech.de\/index.php?rest_route=\/wp\/v2\/posts\/460\/revisions\/464"}],"wp:attachment":[{"href":"http:\/\/sauriertech.de\/index.php?rest_route=%2Fwp%2Fv2%2Fmedia&parent=460"}],"wp:term":[{"taxonomy":"category","embeddable":true,"href":"http:\/\/sauriertech.de\/index.php?rest_route=%2Fwp%2Fv2%2Fcategories&post=460"},{"taxonomy":"post_tag","embeddable":true,"href":"http:\/\/sauriertech.de\/index.php?rest_route=%2Fwp%2Fv2%2Ftags&post=460"}],"curies":[{"name":"wp","href":"https:\/\/api.w.org\/{rel}","templated":true}]}}